{"id":7105,"date":"2025-01-16T00:20:15","date_gmt":"2025-01-16T05:20:15","guid":{"rendered":"https:\/\/www.traffix.com\/?p=7105"},"modified":"2026-02-13T15:14:52","modified_gmt":"2026-02-13T20:14:52","slug":"traffix-trends-q1-2025","status":"publish","type":"post","link":"https:\/\/www.traffix.com\/fr\/resources\/traffix-trends-q1-2025","title":{"rendered":"TENDANCES DU TRAFIC T1 2025"},"content":{"rendered":"\n<section class=\" ctn   \"><div class=\"wrapper\">\n<div class=\"wp-block-buttons is-content-justification-center is-layout-flex wp-container-core-buttons-is-layout-a89b3969 wp-block-buttons-is-layout-flex\">\n<div class=\"wp-block-button\"><a class=\"wp-block-button__link wp-element-button\" href=\"https:\/\/www.traffix.com\/wp-content\/uploads\/TRAFFIX-TRENDS_Q1-2025_FRENCH-3.pdf\" target=\"_blank\" rel=\"noreferrer noopener\">T\u00e9l\u00e9chargez le rapport<\/a><\/div>\n<\/div>\n\n\n\n<div style=\"height:var(--wp--preset--spacing--30-pixels)\" aria-hidden=\"true\" class=\"wp-block-spacer\"><\/div>\n<\/div><\/section>\n\n\n\n<section class=\"ctn-white ctn   \"><div class=\"wrapper\">\n<div style=\"height:50px\" aria-hidden=\"true\" class=\"wp-block-spacer\"><\/div>\n\n\n\n<h4 class=\"wp-block-heading has-text-align-center\">Navigation <mark style=\"background-color:rgba(0, 0, 0, 0)\" class=\"has-inline-color has-primary-color\">du rapport<\/mark><\/h4>\n\n\n\n<div style=\"height:var(--wp--preset--spacing--20-pixels)\" aria-hidden=\"true\" class=\"wp-block-spacer\"><\/div>\n\n\n\n<figure class=\"wp-block-table\"><table class=\"has-fixed-layout\"><tbody><tr><td class=\"has-text-align-center\" data-align=\"center\"><mark style=\"background-color:rgba(0, 0, 0, 0)\" class=\"has-inline-color has-black-color\"><a href=\"#key-market-indicators\"><strong>Indicateurs cl\u00e9s du march\u00e9<\/strong><\/a><\/mark><\/td><td class=\"has-text-align-center\" data-align=\"center\"><strong><mark style=\"background-color:rgba(0, 0, 0, 0)\" class=\"has-inline-color has-black-color\"><a href=\"#us-trucking-market\">March\u00e9 Am\u00e9rican de camionnage<\/a><\/mark><\/strong><\/td><td class=\"has-text-align-center\" data-align=\"center\"><strong><mark style=\"background-color:rgba(0, 0, 0, 0)\" class=\"has-inline-color has-black-color\"><a href=\"#pricing-power-index\">Indice du pouvoir de tarification du fret<\/a><\/mark><\/strong><\/td><\/tr><tr><td class=\"has-text-align-center\" data-align=\"center\"><strong><mark style=\"background-color:rgba(0, 0, 0, 0)\" class=\"has-inline-color has-black-color\"><a href=\"#modal-forecasts\">Aper\u00e7us par mode<\/a><\/mark><\/strong><\/td><td class=\"has-text-align-center\" data-align=\"center\"><strong><mark style=\"background-color:rgba(0, 0, 0, 0)\" class=\"has-inline-color has-black-color\"><a href=\"#traffix-forecasts\">Pr\u00e9visions TRAFFIX<\/a><\/mark><\/strong><\/td><td class=\"has-text-align-center\" data-align=\"center\"><strong><mark style=\"background-color:rgba(0, 0, 0, 0)\" class=\"has-inline-color has-black-color\"><a href=\"#recommendations\">Recommandations<\/a><\/mark><\/strong><\/td><\/tr><\/tbody><\/table><\/figure>\n<\/div><\/section>\n\n\n\n<section class=\" ctn   \"><div class=\"wrapper\">\n<div style=\"height:50px\" aria-hidden=\"true\" class=\"wp-block-spacer\"><\/div>\n\n\n\n<div class=\"wp-block-uagb-image uagb-block-1b421b12 wp-block-uagb-image--layout-default wp-block-uagb-image--effect-static wp-block-uagb-image--align-none\"><figure class=\"wp-block-uagb-image__figure\"><img decoding=\"async\" srcset=\"https:\/\/www.traffix.com\/wp-content\/uploads\/DISCLAIMER-FRENCH.webp ,https:\/\/www.traffix.com\/wp-content\/uploads\/DISCLAIMER-FRENCH.webp 780w, https:\/\/www.traffix.com\/wp-content\/uploads\/DISCLAIMER-FRENCH.webp 360w\" sizes=\"auto, (max-width: 480px) 150px\" src=\"https:\/\/www.traffix.com\/wp-content\/uploads\/DISCLAIMER-FRENCH.webp\" alt=\"\" class=\"uag-image-7107\" width=\"2000\" height=\"600\" title=\"DISCLAIMER - FRENCH\" loading=\"lazy\" role=\"img\"\/><\/figure><\/div>\n\n\n\n<div style=\"height:var(--wp--preset--spacing--20-pixels)\" aria-hidden=\"true\" class=\"wp-block-spacer\"><\/div>\n<\/div><\/section>\n\n\n<div id=\"block-jump-location-block_2f6c7aa40ee3b52de6c2ccbd7b62802c\" class=\"  block-acf-jump-location block-acf-jump-location\" style=\"\"> <div class=''><\/div><div class=\"theme-jumplink\" id=\"key-market-indicators\"><\/div><div class=''><\/div><\/div>\n\n\n<section class=\" ctn   \"><div class=\"wrapper\">\n<div style=\"height:var(--wp--preset--spacing--20-pixels)\" aria-hidden=\"true\" class=\"wp-block-spacer\"><\/div>\n\n\n\n<h4 class=\"wp-block-heading has-text-align-center\"><strong>INDICATEURS <mark style=\"background-color:rgba(0, 0, 0, 0)\" class=\"has-inline-color has-primary-color\">CL\u00c9S DU MARCH\u00c9<\/mark><\/strong><\/h4>\n\n\n\n<div style=\"height:var(--wp--preset--spacing--20-pixels)\" aria-hidden=\"true\" class=\"wp-block-spacer\"><\/div>\n\n\n\n<h6 class=\"wp-block-heading has-text-align-center\"><strong><strong>Les augmentations tarifaires peuvent avoir un<\/strong><\/strong><br><strong><strong>impact consid\u00e9rable sur le march\u00e9 du fret.<\/strong><\/strong><\/h6>\n\n\n\n<div style=\"height:var(--wp--preset--spacing--20-pixels)\" aria-hidden=\"true\" class=\"wp-block-spacer\"><\/div>\n\n\n\n<p>Le march\u00e9 du fret au premier trimestre 2025 devrait \u00eatre fortement influenc\u00e9 par les tarifs douaniers potentiels de la future administration Trump.<\/p>\n\n\n\n<p>Ind\u00e9pendamment de l&#8217;entr\u00e9e en vigueur des droits de douane, l&#8217;anticipation a conduit les entreprises \u00e0 augmenter les volumes d&#8217;importation, ce qui a eu pour effet d&#8217;amplifier la hausse des importations avant le Nouvel An lunaire.<\/p>\n\n\n\n<p><strong><mark style=\"background-color:rgba(0, 0, 0, 0)\" class=\"has-inline-color has-primary-color\">Cette hausse devrait maintenir les taux de fret \u00e0 un niveau \u00e9lev\u00e9 en janvier et f\u00e9vrier. Avec l&#8217;augmentation des stocks, une accalmie des taux pourrait se produire vers la fin du premier trimestre.<\/mark><\/strong><\/p>\n\n\n\n<div style=\"height:var(--wp--preset--spacing--20-pixels)\" aria-hidden=\"true\" class=\"wp-block-spacer\"><\/div>\n\n\n\n<h6 class=\"wp-block-heading has-text-align-center\"><strong>Les prix des transports devraient augmenter,<\/strong><br><strong>malgr\u00e9 la contraction de l&#8217;industrie manufacturi\u00e8re<\/strong><\/h6>\n\n\n\n<div style=\"height:var(--wp--preset--spacing--20-pixels)\" aria-hidden=\"true\" class=\"wp-block-spacer\"><\/div>\n\n\n\n<p>L&#8217;indice des prix du transport Indice des Responsables Logistiques (LMI) a montr\u00e9 <mark style=\"background-color:rgba(0, 0, 0, 0)\" class=\"has-inline-color has-primary-color\"><strong>une dynamique \u00e0 la hausse pendant huit mois cons\u00e9cutifs<\/strong>.<\/mark> En outre, les pr\u00e9visions du LMI pour les prix du transport au cours des 12 prochains mois sont de 78 (50 \u00e9tant neutre), ce qui signifie que l&#8217;on s&#8217;attend fortement \u00e0 ce que les prix continuent d&#8217;augmenter d&#8217;ici \u00e0 2025.<\/p>\n\n\n\n<div class=\"wp-block-uagb-image uagb-block-ccd02ab8 wp-block-uagb-image--layout-default wp-block-uagb-image--effect-static wp-block-uagb-image--align-none\"><figure class=\"wp-block-uagb-image__figure\"><img decoding=\"async\" srcset=\"https:\/\/www.traffix.com\/wp-content\/uploads\/TRAFFIX-Trends_Graphs_FRENCH_LogisticsManager-Index-Transportation-Prices-scaled.webp ,https:\/\/www.traffix.com\/wp-content\/uploads\/TRAFFIX-Trends_Graphs_FRENCH_LogisticsManager-Index-Transportation-Prices-scaled.webp 780w, https:\/\/www.traffix.com\/wp-content\/uploads\/TRAFFIX-Trends_Graphs_FRENCH_LogisticsManager-Index-Transportation-Prices-scaled.webp 360w\" sizes=\"auto, (max-width: 480px) 150px\" src=\"https:\/\/www.traffix.com\/wp-content\/uploads\/TRAFFIX-Trends_Graphs_FRENCH_LogisticsManager-Index-Transportation-Prices-scaled.webp\" alt=\"\" class=\"uag-image-7111\" width=\"2560\" height=\"1108\" title=\"TRAFFIX Trends_Graphs_FRENCH_LogisticsManager Index, Transportation Prices\" loading=\"lazy\" role=\"img\"\/><\/figure><\/div>\n\n\n\n<p class=\"has-text-align-center\">Source:&nbsp; <a href=\"https:\/\/www.the-lmi.com\/december-2024-logistics-managers-index.html\">LMI<\/a><\/p>\n\n\n\n<div style=\"height:var(--wp--preset--spacing--20-pixels)\" aria-hidden=\"true\" class=\"wp-block-spacer\"><\/div>\n\n\n\n<p>L&#8217;indice des directeurs d&#8217;achat (PMI) montre un <strong><mark style=\"background-color:rgba(0, 0, 0, 0)\" class=\"has-inline-color has-primary-color\">ralentissement de la contraction, se rapprochant de la barre neutre des 50<\/mark><\/strong>. Cela indique que l&#8217;industrie manufacturi\u00e8re est en train de s&#8217;am\u00e9liorer et qu&#8217;un retour \u00e0 l&#8217;expansion est plus probable en 2025. Toutefois, comme indiqu\u00e9 en mars 2024, il faudra plusieurs mois cons\u00e9cutifs d&#8217;expansion avant de parvenir \u00e0 une reprise g\u00e9n\u00e9rale de l&#8217;industrie manufacturi\u00e8re<\/p>\n\n\n\n<div class=\"wp-block-uagb-image uagb-block-1bfe5884 wp-block-uagb-image--layout-default wp-block-uagb-image--effect-static wp-block-uagb-image--align-none\"><figure class=\"wp-block-uagb-image__figure\"><img decoding=\"async\" srcset=\"https:\/\/www.traffix.com\/wp-content\/uploads\/TRAFFIX-Trends_Graphs_FRENCH_ISM-PMI-manufacturing-Index-scaled.webp ,https:\/\/www.traffix.com\/wp-content\/uploads\/TRAFFIX-Trends_Graphs_FRENCH_ISM-PMI-manufacturing-Index-scaled.webp 780w, https:\/\/www.traffix.com\/wp-content\/uploads\/TRAFFIX-Trends_Graphs_FRENCH_ISM-PMI-manufacturing-Index-scaled.webp 360w\" sizes=\"auto, (max-width: 480px) 150px\" src=\"https:\/\/www.traffix.com\/wp-content\/uploads\/TRAFFIX-Trends_Graphs_FRENCH_ISM-PMI-manufacturing-Index-scaled.webp\" alt=\"\" class=\"uag-image-7114\" width=\"2560\" height=\"1108\" title=\"TRAFFIX Trends_Graphs_FRENCH_ISM PMI - manufacturing Index\" loading=\"lazy\" role=\"img\"\/><\/figure><\/div>\n\n\n\n<p class=\"has-text-align-center\">Source:&nbsp; <a href=\"https:\/\/www.ismworld.org\/supply-management-news-and-reports\/reports\/ism-report-on-business\/pmi\/december\/\">PMI<\/a><\/p>\n<\/div><\/section>\n\n\n<div id=\"block-jump-location-block_685feae73550066e489dc99a7991efcf\" class=\"  block-acf-jump-location block-acf-jump-location\" style=\"\"> <div class=''><\/div><div class=\"theme-jumplink\" id=\"us-trucking-market\"><\/div><div class=''><\/div><\/div>\n\n\n<section class=\"ctn-white ctn   \"><div class=\"wrapper\">\n<div style=\"height:80px\" aria-hidden=\"true\" class=\"wp-block-spacer\"><\/div>\n\n\n\n<h4 class=\"wp-block-heading has-text-align-center\">MARCH\u00c9 AM\u00c9RICAN <mark style=\"background-color:rgba(0, 0, 0, 0)\" class=\"has-inline-color has-primary-color\">DE CAMIONNAGE<\/mark><\/h4>\n\n\n\n<div style=\"height:var(--wp--preset--spacing--20-pixels)\" aria-hidden=\"true\" class=\"wp-block-spacer\"><\/div>\n\n\n\n<h6 class=\"wp-block-heading has-text-align-center\">Les prix des transports devraient augmenter, <br>malgr\u00e9 la contraction de l&#8217;industrie manufacturi\u00e8re<\/h6>\n\n\n\n<div style=\"height:var(--wp--preset--spacing--20-pixels)\" aria-hidden=\"true\" class=\"wp-block-spacer\"><\/div>\n\n\n\n<p>Ces derni\u00e8res ann\u00e9es, le march\u00e9 nord-am\u00e9ricain du transport routier a connu deux perturbations majeures. La premi\u00e8re a \u00e9t\u00e9 une pouss\u00e9e de la demande due \u00e0 COVID 19, qui a entra\u00een\u00e9 une mont\u00e9e en fl\u00e8che de la demande de marchandises et une augmentation des tarifs. Elle a \u00e9t\u00e9 suivie d&#8217;un afflux d&#8217;offre, les tarifs \u00e9lev\u00e9s ayant attir\u00e9 de nouvelles entreprises de camionnage sur le march\u00e9. Lorsque les tarifs se sont normalis\u00e9s, puis ont baiss\u00e9, de nombreuses entreprises de camionnage se sont retir\u00e9es du march\u00e9.<\/p>\n\n\n\n<p><strong><mark style=\"background-color:rgba(0, 0, 0, 0)\" class=\"has-inline-color has-primary-color\">Depuis mai 2022, il y a eu une baisse nette de plus de 400 autorit\u00e9s de transport par mois, soit une r\u00e9duction totale de plus de 13000.<\/mark> <\/strong>Cette contraction aligne progressivement l&#8217;offre de services de camionnage \u00e0 la demande, ce qui pourrait entra\u00eener une plus grande volatilit\u00e9 des taux r\u00e9gionaux et, \u00e0 terme, une augmentation globale des taux<strong>.<\/strong><\/p>\n\n\n\n<div class=\"wp-block-uagb-image uagb-block-b2b55a63 wp-block-uagb-image--layout-default wp-block-uagb-image--effect-static wp-block-uagb-image--align-none\"><figure class=\"wp-block-uagb-image__figure\"><img decoding=\"async\" srcset=\"https:\/\/www.traffix.com\/wp-content\/uploads\/TRAFFIX-Trends_Graphs_FRENCH_Net-Changes-in-Trucking-Authorities-USA-scaled.webp ,https:\/\/www.traffix.com\/wp-content\/uploads\/TRAFFIX-Trends_Graphs_FRENCH_Net-Changes-in-Trucking-Authorities-USA-scaled.webp 780w, https:\/\/www.traffix.com\/wp-content\/uploads\/TRAFFIX-Trends_Graphs_FRENCH_Net-Changes-in-Trucking-Authorities-USA-scaled.webp 360w\" sizes=\"auto, (max-width: 480px) 150px\" src=\"https:\/\/www.traffix.com\/wp-content\/uploads\/TRAFFIX-Trends_Graphs_FRENCH_Net-Changes-in-Trucking-Authorities-USA-scaled.webp\" alt=\"\" class=\"uag-image-7117\" width=\"2560\" height=\"2376\" title=\"TRAFFIX Trends_Graphs_FRENCH_Net Changes in Trucking Authorities, USA\" loading=\"lazy\" role=\"img\"\/><\/figure><\/div>\n\n\n\n<p class=\"has-text-align-center\">Source: <a href=\"https:\/\/gosonar.com\/\">FreightWaves SONAR<\/a> &#8211; January 7, 2025<\/p>\n\n\n\n<div style=\"height:var(--wp--preset--spacing--20-pixels)\" aria-hidden=\"true\" class=\"wp-block-spacer\"><\/div>\n\n\n\n<h6 class=\"wp-block-heading has-text-align-center\"><strong>En l&#8217;absence de perturbations majeures du march\u00e9, on peut s&#8217;attendre \u00e0 une augmentation progressive des taux de fret de 4 \u00e0 6 %.<\/strong><\/h6>\n\n\n\n<div style=\"height:var(--wp--preset--spacing--20-pixels)\" aria-hidden=\"true\" class=\"wp-block-spacer\"><\/div>\n\n\n\n<ul class=\"wp-block-list\">\n<li>Les contrats \u00e0 terme sur le p\u00e9trole sugg\u00e8rent une tendance relativement stable \u00e0 la baisse pour 2025, ce qui indique un march\u00e9 du diesel stable.<\/li>\n\n\n\n<li>En supposant que les prix des carburants restent stables, nous pr\u00e9voyons une augmentation de 4 \u00e0 6 % d&#8217;une ann\u00e9e \u00e0 l&#8217;autre \u00e0 partir de 2024.<\/li>\n\n\n\n<li>Cette hausse modeste devrait \u00eatre due \u00e0 une demande croissante et \u00e0 une offre mod\u00e9r\u00e9e, sauf perturbation majeure du march\u00e9.<\/li>\n<\/ul>\n\n\n\n<div class=\"wp-block-uagb-image uagb-block-6fac61b2 wp-block-uagb-image--layout-default wp-block-uagb-image--effect-static wp-block-uagb-image--align-none\"><figure class=\"wp-block-uagb-image__figure\"><img decoding=\"async\" srcset=\"https:\/\/www.traffix.com\/wp-content\/uploads\/TRAFFIX-Trends_Graphs_FRENCH_TRAFFIX-US-RPM-2025-Forecast-scaled.webp ,https:\/\/www.traffix.com\/wp-content\/uploads\/TRAFFIX-Trends_Graphs_FRENCH_TRAFFIX-US-RPM-2025-Forecast-scaled.webp 780w, https:\/\/www.traffix.com\/wp-content\/uploads\/TRAFFIX-Trends_Graphs_FRENCH_TRAFFIX-US-RPM-2025-Forecast-scaled.webp 360w\" sizes=\"auto, (max-width: 480px) 150px\" src=\"https:\/\/www.traffix.com\/wp-content\/uploads\/TRAFFIX-Trends_Graphs_FRENCH_TRAFFIX-US-RPM-2025-Forecast-scaled.webp\" alt=\"\" class=\"uag-image-7120\" width=\"2560\" height=\"2055\" title=\"TRAFFIX Trends_Graphs_FRENCH_TRAFFIX US RPM 2025 Forecast\" loading=\"lazy\" role=\"img\"\/><\/figure><\/div>\n\n\n\n<p class=\"has-text-align-center\">Source: <a href=\"https:\/\/gosonar.com\/\">FreightWaves SONAR<\/a> &#8211; January 7, 2025<\/p>\n\n\n\n<div style=\"height:50px\" aria-hidden=\"true\" class=\"wp-block-spacer\"><\/div>\n<\/div><\/section>\n\n\n<div id=\"block-jump-location-block_de995b8b7e732c76a9f7354d44905879\" class=\"  block-acf-jump-location block-acf-jump-location\" style=\"\"> <div class=''><\/div><div class=\"theme-jumplink\" id=\"pricing-power-index\"><\/div><div class=''><\/div><\/div>\n\n\n<section class=\" ctn   \"><div class=\"wrapper\">\n<div style=\"height:50px\" aria-hidden=\"true\" class=\"wp-block-spacer\"><\/div>\n\n\n\n<h4 class=\"wp-block-heading has-text-align-center\">INDICE DU POUVOIR <mark style=\"background-color:rgba(0, 0, 0, 0)\" class=\"has-inline-color has-primary-color\">DE TARIFICATION DU FRET<\/mark><\/h4>\n\n\n\n<div style=\"height:var(--wp--preset--spacing--20-pixels)\" aria-hidden=\"true\" class=\"wp-block-spacer\"><\/div>\n\n\n\n<p>Ces deux derni\u00e8res ann\u00e9es, les exp\u00e9diteurs ont \u00e9t\u00e9 favoris\u00e9s par rapport aux transporteurs. Selon l&#8217;indice FreightWaves Supply Chain Pricing Power, les valeurs inf\u00e9rieures \u00e0 50 indiquent un march\u00e9 favorable aux exp\u00e9diteurs, tandis que les valeurs sup\u00e9rieures \u00e0 50 indiquent un march\u00e9 favorable aux transporteurs. \u00c0 la fin de l&#8217;ann\u00e9e 2024, l&#8217;indice est pass\u00e9 de 35 \u00e0 40, ce qui indique une \u00e9volution vers un march\u00e9 plus \u00e9quilibr\u00e9. <mark style=\"background-color:rgba(0, 0, 0, 0)\" class=\"has-inline-color has-primary-color\"><strong>Cette tendance devrait se poursuivre, les n\u00e9gociations entre exp\u00e9diteurs et transporteurs se rapprochant de l&#8217;\u00e9quilibre<\/strong>.<\/mark><\/p>\n\n\n\n<div class=\"wp-block-uagb-image uagb-block-1432ca31 wp-block-uagb-image--layout-default wp-block-uagb-image--effect-static wp-block-uagb-image--align-none\"><figure class=\"wp-block-uagb-image__figure\"><img decoding=\"async\" srcset=\"https:\/\/www.traffix.com\/wp-content\/uploads\/TRAFFIX-Trends_Graphs_FRENCH_Supply-Chain-Pricing-Power-Index-scaled.webp ,https:\/\/www.traffix.com\/wp-content\/uploads\/TRAFFIX-Trends_Graphs_FRENCH_Supply-Chain-Pricing-Power-Index-scaled.webp 780w, https:\/\/www.traffix.com\/wp-content\/uploads\/TRAFFIX-Trends_Graphs_FRENCH_Supply-Chain-Pricing-Power-Index-scaled.webp 360w\" sizes=\"auto, (max-width: 480px) 150px\" src=\"https:\/\/www.traffix.com\/wp-content\/uploads\/TRAFFIX-Trends_Graphs_FRENCH_Supply-Chain-Pricing-Power-Index-scaled.webp\" alt=\"\" class=\"uag-image-7124\" width=\"2560\" height=\"964\" title=\"TRAFFIX Trends_Graphs_FRENCH_Supply Chain Pricing Power Index\" loading=\"lazy\" role=\"img\"\/><\/figure><\/div>\n\n\n\n<p class=\"has-text-align-center\">Source: <a href=\"https:\/\/gosonar.com\/\">FreightWaves SONAR<\/a> &#8211; January 7, 2025<\/p>\n\n\n\n<div style=\"height:30px\" aria-hidden=\"true\" class=\"wp-block-spacer\"><\/div>\n<\/div><\/section>\n\n\n<div id=\"block-jump-location-block_2228f3e7c2c7b75c9f6d3fcdb4323d74\" class=\"  block-acf-jump-location block-acf-jump-location\" style=\"\"> <div class=''><\/div><div class=\"theme-jumplink\" id=\"modal-forecasts\"><\/div><div class=''><\/div><\/div>\n\n\n<section class=\"ctn-white ctn-1080   \"><div class=\"wrapper\"><div id=\"block-faqs-block_6fcd86447c9a0d858e70fb7ccfad2173\" class=\"  block-acf-faqs block-acf-faqs\" style=\"\"> <div class='gl-s100'><\/div>\t\t\t<div class=\"faq-block\">\n\t\t\t\t\t\t\t\t\t<div class=\"section-head center-align\">\n\t\t\t\t\t\t<h2 class=\"heading-2\">PR\u00c9VISIONS TRAFFIX : <br><span>APER\u00c7U ET PR\u00c9VISIONS PAR MODE DE TRANSPORT<\/span><\/br><\/h2>\t\t\t\t\t<\/div>\n\t\t\t\t\t\t\t\t\t\t\t\t\t<div class=\"faqs\">\n\t\t\t\t\t\t\t\t\t\t\t\t\t<div class=\"single-faq\">\n\t\t\t\t\t\t\t\t<div class=\"single-faq-head\">\n\n\t\t\t\t\t\t\t\t\t\t\t\t\t\t\t\t\t\t\t<div class=\"faq-title\"> Chargement complet  <\/div>\n\t\t\t\t\t\t\t\t\t\t\t\t\t\t\t\t\t\t<div class=\"faq-icon\">\n\t\t\t\t\t\t\t\t\t\t<svg role=\"none\"  xmlns=\"http:\/\/www.w3.org\/2000\/svg\" width=\"16\" height=\"16\"\n\t\t\t\t\t\t\t\t\t\t\tviewBox=\"0 0 16 16\" fill=\"none\">\n\t\t\t\t\t\t\t\t\t\t\t<path\n\t\t\t\t\t\t\t\t\t\t\t\td=\"M16 5.10748L14.1133 3.19922L8 9.38264L1.88669 3.19922L1.82394e-06 5.10748L8 13.1992L16 5.10748Z\"\n\t\t\t\t\t\t\t\t\t\t\t\tfill=\"#FFCB04\" \/>\n\t\t\t\t\t\t\t\t\t\t<\/svg>\n\t\t\t\t\t\t\t\t\t<\/div>\n\t\t\t\t\t\t\t\t<\/div>\n\t\t\t\t\t\t\t\t\t\t\t\t\t\t\t\t\t<div class=\"faq-content\"> <p>Il faut s\u2019attendre \u00e0 des augmentations de taux mod\u00e9r\u00e9es mais r\u00e9guli\u00e8res \u00e0 mesure que la demande s\u2019aligne sur l\u2019offre. Ce segment reste sensible aux perturbations du march\u00e9.<\/p>\n  <\/div>\n\t\t\t\t\t\t\t\t\t\t\t\t\t\t\t<\/div>\n\t\t\t\t\t\t\t\t\t\t\t\t\t<div class=\"single-faq\">\n\t\t\t\t\t\t\t\t<div class=\"single-faq-head\">\n\n\t\t\t\t\t\t\t\t\t\t\t\t\t\t\t\t\t\t\t<div class=\"faq-title\"> CP  <\/div>\n\t\t\t\t\t\t\t\t\t\t\t\t\t\t\t\t\t\t<div class=\"faq-icon\">\n\t\t\t\t\t\t\t\t\t\t<svg role=\"none\"  xmlns=\"http:\/\/www.w3.org\/2000\/svg\" width=\"16\" height=\"16\"\n\t\t\t\t\t\t\t\t\t\t\tviewBox=\"0 0 16 16\" fill=\"none\">\n\t\t\t\t\t\t\t\t\t\t\t<path\n\t\t\t\t\t\t\t\t\t\t\t\td=\"M16 5.10748L14.1133 3.19922L8 9.38264L1.88669 3.19922L1.82394e-06 5.10748L8 13.1992L16 5.10748Z\"\n\t\t\t\t\t\t\t\t\t\t\t\tfill=\"#FFCB04\" \/>\n\t\t\t\t\t\t\t\t\t\t<\/svg>\n\t\t\t\t\t\t\t\t\t<\/div>\n\t\t\t\t\t\t\t\t<\/div>\n\t\t\t\t\t\t\t\t\t\t\t\t\t\t\t\t\t<div class=\"faq-content\"> <p>Les volumes de CP devraient augmenter de 3 \u00e0 4 % et les tarifs de 5 \u00e0 7 % en 2025. Les nouvelles classifications de fret de la National Motor Freight Traffic Association (NMFTA) entreront en vigueur le 19 juillet, ce qui entra\u00eenera probablement des changements de tarifs et des ren\u00e9gociations.<\/p>\n  <\/div>\n\t\t\t\t\t\t\t\t\t\t\t\t\t\t\t<\/div>\n\t\t\t\t\t\t\t\t\t\t\t\t\t<div class=\"single-faq\">\n\t\t\t\t\t\t\t\t<div class=\"single-faq-head\">\n\n\t\t\t\t\t\t\t\t\t\t\t\t\t\t\t\t\t\t\t<div class=\"faq-title\"> Remorque \u00e0 Plateau  <\/div>\n\t\t\t\t\t\t\t\t\t\t\t\t\t\t\t\t\t\t<div class=\"faq-icon\">\n\t\t\t\t\t\t\t\t\t\t<svg role=\"none\"  xmlns=\"http:\/\/www.w3.org\/2000\/svg\" width=\"16\" height=\"16\"\n\t\t\t\t\t\t\t\t\t\t\tviewBox=\"0 0 16 16\" fill=\"none\">\n\t\t\t\t\t\t\t\t\t\t\t<path\n\t\t\t\t\t\t\t\t\t\t\t\td=\"M16 5.10748L14.1133 3.19922L8 9.38264L1.88669 3.19922L1.82394e-06 5.10748L8 13.1992L16 5.10748Z\"\n\t\t\t\t\t\t\t\t\t\t\t\tfill=\"#FFCB04\" \/>\n\t\t\t\t\t\t\t\t\t\t<\/svg>\n\t\t\t\t\t\t\t\t\t<\/div>\n\t\t\t\t\t\t\t\t<\/div>\n\t\t\t\t\t\t\t\t\t\t\t\t\t\t\t\t\t<div class=\"faq-content\"> <p>Il faut s\u2019attendre \u00e0 des hausses de taux modestes \u00e0 mesure que la production industrielle et le secteur de la construction se redresseront. Le suivi des taux hypoth\u00e9caires et des permis de construire fournira des indications sur la demande.<\/p>\n  <\/div>\n\t\t\t\t\t\t\t\t\t\t\t\t\t\t\t<\/div>\n\t\t\t\t\t\t\t\t\t\t\t\t\t<div class=\"single-faq\">\n\t\t\t\t\t\t\t\t<div class=\"single-faq-head\">\n\n\t\t\t\t\t\t\t\t\t\t\t\t\t\t\t\t\t\t\t<div class=\"faq-title\"> Contr\u00f4le de temp\u00e9rature  <\/div>\n\t\t\t\t\t\t\t\t\t\t\t\t\t\t\t\t\t\t<div class=\"faq-icon\">\n\t\t\t\t\t\t\t\t\t\t<svg role=\"none\"  xmlns=\"http:\/\/www.w3.org\/2000\/svg\" width=\"16\" height=\"16\"\n\t\t\t\t\t\t\t\t\t\t\tviewBox=\"0 0 16 16\" fill=\"none\">\n\t\t\t\t\t\t\t\t\t\t\t<path\n\t\t\t\t\t\t\t\t\t\t\t\td=\"M16 5.10748L14.1133 3.19922L8 9.38264L1.88669 3.19922L1.82394e-06 5.10748L8 13.1992L16 5.10748Z\"\n\t\t\t\t\t\t\t\t\t\t\t\tfill=\"#FFCB04\" \/>\n\t\t\t\t\t\t\t\t\t\t<\/svg>\n\t\t\t\t\t\t\t\t\t<\/div>\n\t\t\t\t\t\t\t\t<\/div>\n\t\t\t\t\t\t\t\t\t\t\t\t\t\t\t\t\t<div class=\"faq-content\"> <p>Les taux contractuels sont en baisse par rapport aux sommets atteints ; le spot sera volatil. Les transporteurs se repositionnent vers le sud des \u00c9tats-Unis, le Texas et la Californie pour la saison des fruits et l\u00e9gumes. Les conditions m\u00e9t\u00e9orologiques influenceront la demande de protection contre le gel.<\/p>\n  <\/div>\n\t\t\t\t\t\t\t\t\t\t\t\t\t\t\t<\/div>\n\t\t\t\t\t\t\t\t\t\t\t\t\t<div class=\"single-faq\">\n\t\t\t\t\t\t\t\t<div class=\"single-faq-head\">\n\n\t\t\t\t\t\t\t\t\t\t\t\t\t\t\t\t\t\t\t<div class=\"faq-title\"> Intermodal  <\/div>\n\t\t\t\t\t\t\t\t\t\t\t\t\t\t\t\t\t\t<div class=\"faq-icon\">\n\t\t\t\t\t\t\t\t\t\t<svg role=\"none\"  xmlns=\"http:\/\/www.w3.org\/2000\/svg\" width=\"16\" height=\"16\"\n\t\t\t\t\t\t\t\t\t\t\tviewBox=\"0 0 16 16\" fill=\"none\">\n\t\t\t\t\t\t\t\t\t\t\t<path\n\t\t\t\t\t\t\t\t\t\t\t\td=\"M16 5.10748L14.1133 3.19922L8 9.38264L1.88669 3.19922L1.82394e-06 5.10748L8 13.1992L16 5.10748Z\"\n\t\t\t\t\t\t\t\t\t\t\t\tfill=\"#FFCB04\" \/>\n\t\t\t\t\t\t\t\t\t\t<\/svg>\n\t\t\t\t\t\t\t\t\t<\/div>\n\t\t\t\t\t\t\t\t<\/div>\n\t\t\t\t\t\t\t\t\t\t\t\t\t\t\t\t\t<div class=\"faq-content\"> <p>La capacit\u00e9 de l\u2019ensemble du r\u00e9seau reste saine avec un service ferroviaire solide. Le volume n\u2019est plus en r\u00e9cession, des augmentations de taux de 2 \u00e0 5 % sont attendues pour chaque ann\u00e9e.<\/p>\n  <\/div>\n\t\t\t\t\t\t\t\t\t\t\t\t\t\t\t<\/div>\n\t\t\t\t\t\t\t\t\t\t\t\t\t<div class=\"single-faq\">\n\t\t\t\t\t\t\t\t<div class=\"single-faq-head\">\n\n\t\t\t\t\t\t\t\t\t\t\t\t\t\t\t\t\t\t\t<div class=\"faq-title\"> Factage  <\/div>\n\t\t\t\t\t\t\t\t\t\t\t\t\t\t\t\t\t\t<div class=\"faq-icon\">\n\t\t\t\t\t\t\t\t\t\t<svg role=\"none\"  xmlns=\"http:\/\/www.w3.org\/2000\/svg\" width=\"16\" height=\"16\"\n\t\t\t\t\t\t\t\t\t\t\tviewBox=\"0 0 16 16\" fill=\"none\">\n\t\t\t\t\t\t\t\t\t\t\t<path\n\t\t\t\t\t\t\t\t\t\t\t\td=\"M16 5.10748L14.1133 3.19922L8 9.38264L1.88669 3.19922L1.82394e-06 5.10748L8 13.1992L16 5.10748Z\"\n\t\t\t\t\t\t\t\t\t\t\t\tfill=\"#FFCB04\" \/>\n\t\t\t\t\t\t\t\t\t\t<\/svg>\n\t\t\t\t\t\t\t\t\t<\/div>\n\t\t\t\t\t\t\t\t<\/div>\n\t\t\t\t\t\t\t\t\t\t\t\t\t\t\t\t\t<div class=\"faq-content\"> <p>Le factage sera influenc\u00e9 par les gr\u00e8ves potentielles, l\u2019augmentation des tarifs et l\u2019impact du Nouvel An lunaire. Il faut s\u2019attendre \u00e0 des augmentations g\u00e9n\u00e9rales des tarifs (GRI) en janvier, combin\u00e9es \u00e0 la pr\u00e9-alimentation des exp\u00e9diteurs am\u00e9ricains.<\/p>\n  <\/div>\n\t\t\t\t\t\t\t\t\t\t\t\t\t\t\t<\/div>\n\t\t\t\t\t\t\t\t\t\t\t\t\t<div class=\"single-faq\">\n\t\t\t\t\t\t\t\t<div class=\"single-faq-head\">\n\n\t\t\t\t\t\t\t\t\t\t\t\t\t\t\t\t\t\t\t<div class=\"faq-title\"> Transfrontalier Canada &#038; US-CA   <\/div>\n\t\t\t\t\t\t\t\t\t\t\t\t\t\t\t\t\t\t<div class=\"faq-icon\">\n\t\t\t\t\t\t\t\t\t\t<svg role=\"none\"  xmlns=\"http:\/\/www.w3.org\/2000\/svg\" width=\"16\" height=\"16\"\n\t\t\t\t\t\t\t\t\t\t\tviewBox=\"0 0 16 16\" fill=\"none\">\n\t\t\t\t\t\t\t\t\t\t\t<path\n\t\t\t\t\t\t\t\t\t\t\t\td=\"M16 5.10748L14.1133 3.19922L8 9.38264L1.88669 3.19922L1.82394e-06 5.10748L8 13.1992L16 5.10748Z\"\n\t\t\t\t\t\t\t\t\t\t\t\tfill=\"#FFCB04\" \/>\n\t\t\t\t\t\t\t\t\t\t<\/svg>\n\t\t\t\t\t\t\t\t\t<\/div>\n\t\t\t\t\t\t\t\t<\/div>\n\t\t\t\t\t\t\t\t\t\t\t\t\t\t\t\t\t<div class=\"faq-content\"> <p>Les taux canadiens devraient augmenter l\u00e9g\u00e8rement au cours des 1 \u00e0 3 prochains mois. L\u2019incertitude politique rend les pr\u00e9visions peu fiables. Il faut s\u2019attendre \u00e0 une certaine volatilit\u00e9 jusqu\u2019\u00e0 ce que la situation politique se calme. L\u2019ouest du Canada, l\u2019Arizona, la Californie, l\u2019Oregon et l\u2019\u00c9tat de Washington seront les plus touch\u00e9s par les probl\u00e8mes de capacit\u00e9 jusqu\u2019au printemps.<\/p>\n  <\/div>\n\t\t\t\t\t\t\t\t\t\t\t\t\t\t\t<\/div>\n\t\t\t\t\t\t\t\t\t\t\t\t\t<div class=\"single-faq\">\n\t\t\t\t\t\t\t\t<div class=\"single-faq-head\">\n\n\t\t\t\t\t\t\t\t\t\t\t\t\t\t\t\t\t\t\t<div class=\"faq-title\"> Transfrontalier US-MX  <\/div>\n\t\t\t\t\t\t\t\t\t\t\t\t\t\t\t\t\t\t<div class=\"faq-icon\">\n\t\t\t\t\t\t\t\t\t\t<svg role=\"none\"  xmlns=\"http:\/\/www.w3.org\/2000\/svg\" width=\"16\" height=\"16\"\n\t\t\t\t\t\t\t\t\t\t\tviewBox=\"0 0 16 16\" fill=\"none\">\n\t\t\t\t\t\t\t\t\t\t\t<path\n\t\t\t\t\t\t\t\t\t\t\t\td=\"M16 5.10748L14.1133 3.19922L8 9.38264L1.88669 3.19922L1.82394e-06 5.10748L8 13.1992L16 5.10748Z\"\n\t\t\t\t\t\t\t\t\t\t\t\tfill=\"#FFCB04\" \/>\n\t\t\t\t\t\t\t\t\t\t<\/svg>\n\t\t\t\t\t\t\t\t\t<\/div>\n\t\t\t\t\t\t\t\t<\/div>\n\t\t\t\t\t\t\t\t\t\t\t\t\t\t\t\t\t<div class=\"faq-content\"> <p>Le fret transfrontalier mexicain pourrait \u00eatre consid\u00e9rablement affect\u00e9 par toute augmentation des tarifs douaniers entre les \u00c9tats-Unis et le Mexique. En dehors des impacts tarifaires, il faut s\u2019attendre \u00e0 ce que les taux reculent par rapport aux sommets atteints pendant la haute saison, mais qu\u2019ils restent en hausse d\u2019une ann\u00e9e \u00e0 l\u2019autre dans la fourchette inf\u00e9rieure \u00e0 10 %. La saison des fruits et l\u00e9gumes du premier trimestre aura un impact sur la demande et la capacit\u00e9 de transport frigorifique.<\/p>\n  <\/div>\n\t\t\t\t\t\t\t\t\t\t\t\t\t\t\t<\/div>\n\t\t\t\t\t\t\t\t\t\t\t\t\t<div class=\"single-faq\">\n\t\t\t\t\t\t\t\t<div class=\"single-faq-head\">\n\n\t\t\t\t\t\t\t\t\t\t\t\t\t\t\t\t\t\t\t<div class=\"faq-title\"> Entreposage  <\/div>\n\t\t\t\t\t\t\t\t\t\t\t\t\t\t\t\t\t\t<div class=\"faq-icon\">\n\t\t\t\t\t\t\t\t\t\t<svg role=\"none\"  xmlns=\"http:\/\/www.w3.org\/2000\/svg\" width=\"16\" height=\"16\"\n\t\t\t\t\t\t\t\t\t\t\tviewBox=\"0 0 16 16\" fill=\"none\">\n\t\t\t\t\t\t\t\t\t\t\t<path\n\t\t\t\t\t\t\t\t\t\t\t\td=\"M16 5.10748L14.1133 3.19922L8 9.38264L1.88669 3.19922L1.82394e-06 5.10748L8 13.1992L16 5.10748Z\"\n\t\t\t\t\t\t\t\t\t\t\t\tfill=\"#FFCB04\" \/>\n\t\t\t\t\t\t\t\t\t\t<\/svg>\n\t\t\t\t\t\t\t\t\t<\/div>\n\t\t\t\t\t\t\t\t<\/div>\n\t\t\t\t\t\t\t\t\t\t\t\t\t\t\t\t\t<div class=\"faq-content\"> <p>Des espaces d\u2019entreposage sont disponibles dans tous les grands march\u00e9s, en particulier pour des projets temporaires. Certains sites se remplissent de stocks avant le Nouvel An lunaire, mais il reste de l\u2019espace disponible.<\/p>\n  <\/div>\n\t\t\t\t\t\t\t\t\t\t\t\t\t\t\t<\/div>\n\t\t\t\t\t\t\t\t\t\t\t<\/div>\n\t\t\t\t\t\t\t<\/div>\n\t\t\t<div class='gl-s100'><\/div><\/div><\/div><\/section>\n\n\n<div id=\"block-jump-location-block_77452a76815d9e60e91b8d423fb92016\" class=\"  block-acf-jump-location block-acf-jump-location\" style=\"\"> <div class=''><\/div><div class=\"theme-jumplink\" id=\"traffix-forecasts\"><\/div><div class=''><\/div><\/div>\n\n\n<section class=\" ctn   \"><div class=\"wrapper\"><div id=\"block-image-alongside-text-block_e305962c5b64cfc6a859942d88d60dfd\" class=\"  block-acf-image-alongside-text block-acf-image-alongside-text\" style=\"\"> <div class='gl-s80'><\/div>\t\t<div class=\"media-alonside-text mat d-flex flex-wrap align-items-start justify-content-between image-at-left\">\n\t\t\t<div class=\"mat-content\">\n\t\t\t\t\t\t\t\t\t<div class=\"kicker\"> PR\u00c9VISIONS TRAFFIX :   <\/div>\n\t\t\t\t\t\t\t\t\t\t\t\t\t<h4 class=\"heading-3\"><span>7 INDICATEURS CL\u00c9S \u00c0 SURVEILLER AU 1er TRIMESTRE<\/span><\/h4>\t\t\t\t\t\t\t\t<p style=\"text-align: left;\">1. Les implications des droits de douane institu\u00e9s par la future administration Trump<br \/>\n2. Inflation et conditions \u00e9conomiques g\u00e9n\u00e9rales<br \/>\n3. Prix du diesel (fluctuations des prix du p\u00e9trole)<br \/>\n4. D\u00e9penses de consommateurs, en particulier pour les biens durables<br \/>\n5. Tensions g\u00e9opolitiques mondiales<br \/>\n6. Activit\u00e9 manufacturi\u00e8re (PMI)<br \/>\n7. \u00c9v\u00e9nements m\u00e9t\u00e9orologiques<\/p>\n\t\t\t\t\t\t\t<\/div>\n\t\t\t\t\t\t\t<div class=\"mat-image\">\n\t\t\t\t\t<img loading=\"lazy\" decoding=\"async\" width=\"1200\" height=\"800\" src=\"https:\/\/www.traffix.com\/wp-content\/uploads\/AdobeStock_589428030-1200x800.webp\" class=\"attachment-thumb_1200 size-thumb_1200\" alt=\"\" title=\"AdobeStock_589428030\" srcset=\"https:\/\/www.traffix.com\/wp-content\/uploads\/AdobeStock_589428030-1200x800.webp 1200w, https:\/\/www.traffix.com\/wp-content\/uploads\/AdobeStock_589428030-300x200.webp 300w, https:\/\/www.traffix.com\/wp-content\/uploads\/AdobeStock_589428030-1024x683.webp 1024w, https:\/\/www.traffix.com\/wp-content\/uploads\/AdobeStock_589428030-768x512.webp 768w, https:\/\/www.traffix.com\/wp-content\/uploads\/AdobeStock_589428030-1536x1024.webp 1536w, https:\/\/www.traffix.com\/wp-content\/uploads\/AdobeStock_589428030-2048x1365.webp 2048w, https:\/\/www.traffix.com\/wp-content\/uploads\/AdobeStock_589428030-90x60.webp 90w, https:\/\/www.traffix.com\/wp-content\/uploads\/AdobeStock_589428030-135x90.webp 135w, https:\/\/www.traffix.com\/wp-content\/uploads\/AdobeStock_589428030-2000x1333.webp 2000w, https:\/\/www.traffix.com\/wp-content\/uploads\/AdobeStock_589428030-1600x1067.webp 1600w, https:\/\/www.traffix.com\/wp-content\/uploads\/AdobeStock_589428030-1400x933.webp 1400w, https:\/\/www.traffix.com\/wp-content\/uploads\/AdobeStock_589428030-1000x667.webp 1000w, https:\/\/www.traffix.com\/wp-content\/uploads\/AdobeStock_589428030-900x600.webp 900w, https:\/\/www.traffix.com\/wp-content\/uploads\/AdobeStock_589428030-800x533.webp 800w, https:\/\/www.traffix.com\/wp-content\/uploads\/AdobeStock_589428030-700x467.webp 700w, https:\/\/www.traffix.com\/wp-content\/uploads\/AdobeStock_589428030-600x400.webp 600w, https:\/\/www.traffix.com\/wp-content\/uploads\/AdobeStock_589428030-500x333.webp 500w, https:\/\/www.traffix.com\/wp-content\/uploads\/AdobeStock_589428030-400x267.webp 400w, https:\/\/www.traffix.com\/wp-content\/uploads\/AdobeStock_589428030-200x133.webp 200w, https:\/\/www.traffix.com\/wp-content\/uploads\/AdobeStock_589428030-100x67.webp 100w\" sizes=\"auto, (max-width: 1200px) 100vw, 1200px\" \/>\t\t\t\t<\/div>\n\t\t\t\t\t<\/div>\n\t\t<div class='gl-s80'><\/div><\/div><\/div><\/section>\n\n\n\n<section class=\"ctn-white ctn   \"><div class=\"wrapper\">\n<div style=\"height:80px\" aria-hidden=\"true\" class=\"wp-block-spacer\"><\/div>\n\n\n\n<h5 class=\"wp-block-heading has-text-align-center\">PR\u00c9VISIONS TRAFFIX : <mark style=\"background-color:rgba(0, 0, 0, 0)\" class=\"has-inline-color has-primary-color\">LE FRET ROUTIER AUGMENTERA PROGRESSIVEMENT POUR ATTEINDRE +4-6% EN GLISSEMENT ANNUEL AU COURS DES 12 PROCHAINS MOIS<\/mark><\/h5>\n\n\n\n<div style=\"height:var(--wp--preset--spacing--30-pixels)\" aria-hidden=\"true\" class=\"wp-block-spacer\"><\/div>\n\n\n\n<ul class=\"wp-block-list\">\n<li>Le march\u00e9 du fret semble se remettre d&#8217;une p\u00e9riode prolong\u00e9e de taux d\u00e9prim\u00e9s.<\/li>\n\n\n\n<li>La saison de pointe 2024 a refl\u00e9t\u00e9 les tendances ant\u00e9rieures \u00e0 la pand\u00e9mie, avec une saisonnalit\u00e9 et des pics typiques.<\/li>\n\n\n\n<li>Les r\u00e9ductions de capacit\u00e9 ont rapproch\u00e9 l&#8217;offre de la demande, exer\u00e7ant une pression \u00e0 la hausse sur les tarifs<\/li>\n\n\n\n<li>L&#8217;anticipation de tarifs potentiels a d\u00e9j\u00e0 influenc\u00e9 les tarifs, les entreprises exp\u00e9diant leurs stocks avant le Nouvel An lunaire afin de contourner les impacts tarifaires.<\/li>\n\n\n\n<li>L&#8217;ampleur des droits de douane suppl\u00e9mentaires aura un impact significatif sur le march\u00e9 du fret nord-am\u00e9ricain<\/li>\n\n\n\n<li>Si les augmentations tarifaires sont minimes, une hausse mod\u00e9r\u00e9e des taux de 4 \u00e0 6 % d&#8217;une ann\u00e9e sur l&#8217;autre est pr\u00e9vue au cours des 6 \u00e0 12 prochains mois.<\/li>\n\n\n\n<li>Cette pr\u00e9vision de base est susceptible d&#8217;\u00eatre modifi\u00e9e en fonction des perturbations du march\u00e9 et de l&#8217;\u00e9volution des tendances de la demande et de l&#8217;offre de fret.<\/li>\n<\/ul>\n\n\n\n<div style=\"height:80px\" aria-hidden=\"true\" class=\"wp-block-spacer\"><\/div>\n<\/div><\/section>\n\n\n<div id=\"block-jump-location-block_9d9da9af6090e69b0cbe9e924ea39ed9\" class=\"  block-acf-jump-location block-acf-jump-location\" style=\"\"> <div class=''><\/div><div class=\"theme-jumplink\" id=\"recommendations\"><\/div><div class=''><\/div><\/div>\n\n\n<section class=\" ctn   \"><div class=\"wrapper\"><div id=\"block-numbered-list-block_c3f96ce85decc272bb3321aedadea7cc\" class=\"  block-acf-numbered-list block-acf-numbered-list\" style=\"\"> <div class='gl-s60'><\/div>\t\t<div class=\"numbered-list\">\n\t\t\t\t\t\t\t<div class=\"section-head\">\n\t\t\t\t\t<h2 class=\"heading-2\">Recommendations <span>TRAFFIX :<\/span><\/h2>\t\t\t\t<\/div>\n\t\t\t\t\t\t\t\t\t<div class=\"num-list-ctn four-columns\">\n\t\t\t\t\t\t\t\t\t<div class=\"single-num-list\">\n\t\t\t\t\t\t<div class=\"single-num-head d-flex align-content-center\">\n\t\t\t\t\t\t\t<div class=\"single-num heading-4\">\n\t\t\t\t\t\t\t\t1\t\t\t\t\t\t\t<\/div>\n\t\t\t\t\t\t\t\t\t\t\t\t\t\t\t<h3 class=\"single-num-title heading-6\"> Budg\u00e9tisation :   <\/h3>\n\t\t\t\t\t\t\t\t\t\t\t\t\t<\/div>\n\t\t\t\t\t\t\t\t\t\t\t\t\t<div class=\"single-num-text\"> <p style=\"text-align: left;\">Structurer les budgets de transport et les attentes en mati\u00e8re de services pour tenir compte d\u2019une augmentation de 4 \u00e0 6 % des tarifs de camionnage d\u2019une ann\u00e9e \u00e0 l\u2019autre. Examiner les plans d\u2019urgence pour se pr\u00e9parer \u00e0 d\u2019\u00e9ventuels chocs du march\u00e9 dus aux tarifs et \u00e0 d\u2019autres facteurs externes.<\/p>\n  <\/div>\n\t\t\t\t\t\t\t\t\t\t\t<\/div>\n\t\t\t\t\t\t\t\t\t<div class=\"single-num-list\">\n\t\t\t\t\t\t<div class=\"single-num-head d-flex align-content-center\">\n\t\t\t\t\t\t\t<div class=\"single-num heading-4\">\n\t\t\t\t\t\t\t\t2\t\t\t\t\t\t\t<\/div>\n\t\t\t\t\t\t\t\t\t\t\t\t\t\t\t<h3 class=\"single-num-title heading-6\"> Strat\u00e9gie de fret :   <\/h3>\n\t\t\t\t\t\t\t\t\t\t\t\t\t<\/div>\n\t\t\t\t\t\t\t\t\t\t\t\t\t<div class=\"single-num-text\"> <p style=\"text-align: left;\">R\u00e9\u00e9valuez votre approche du fret spot par rapport au fret contractuel. Anticipez une volatilit\u00e9 accrue sur les march\u00e9s spot et examinez si le fait de transf\u00e9rer davantage de fret vers des taux contractuels pourrait att\u00e9nuer la variabilit\u00e9.<\/p>\n  <\/div>\n\t\t\t\t\t\t\t\t\t\t\t<\/div>\n\t\t\t\t\t\t\t\t\t<div class=\"single-num-list\">\n\t\t\t\t\t\t<div class=\"single-num-head d-flex align-content-center\">\n\t\t\t\t\t\t\t<div class=\"single-num heading-4\">\n\t\t\t\t\t\t\t\t3\t\t\t\t\t\t\t<\/div>\n\t\t\t\t\t\t\t\t\t\t\t\t\t\t\t<h3 class=\"single-num-title heading-6\"> Relations avec les transporteurs :   <\/h3>\n\t\t\t\t\t\t\t\t\t\t\t\t\t<\/div>\n\t\t\t\t\t\t\t\t\t\t\t\t\t<div class=\"single-num-text\"> <p style=\"text-align: left;\">Discutez avec vos transporteurs des augmentations de tarifs pr\u00e9vues et des attentes en mati\u00e8re de services. Pr\u00e9voyez des augmentations progressives de 4 \u00e0 6 % au cours de l\u2019ann\u00e9e prochaine. R\u00e9\u00e9valuez votre strat\u00e9gie de mani\u00e8re globale lorsque les implications des tarifs deviendront plus claires.<\/p>\n  <\/div>\n\t\t\t\t\t\t\t\t\t\t\t<\/div>\n\t\t\t\t\t\t\t<\/div>\n\t\t\t\t\t<\/div>\n\t\t<div class='gl-s60'><\/div><\/div><\/div><\/section>\n\n\n\n<section class=\" ctn   \"><div class=\"wrapper\">\n<div style=\"height:50px\" aria-hidden=\"true\" class=\"wp-block-spacer\"><\/div>\n\n\n<div id=\"block-subscribe-cta-block_034fddb0867342dc64247780a5409689\" class=\"  block-acf-subscribe-cta block-acf-subscribe-cta\" style=\"\"> <div class='s-0'><\/div>\t\t\t\t\t<div class=\"subscribe-cta\">\n\t\t\t\t\t\t\t\t\t<h2 class=\"heading-3\">Abonnez-vous aux perspectives de march\u00e9 de TRAFFIX<\/h2>\t\t\t\t\t\t\t\t\t\t\t\t\t\t\t\t\t<div class=\"subscribe-form\">\n\t\t\t\t\t\t<!-- old form: 22 --><!-- new form: 22 --><script>\nvar gform;gform||(document.addEventListener(\"gform_main_scripts_loaded\",function(){gform.scriptsLoaded=!0}),document.addEventListener(\"gform\/theme\/scripts_loaded\",function(){gform.themeScriptsLoaded=!0}),window.addEventListener(\"DOMContentLoaded\",function(){gform.domLoaded=!0}),gform={domLoaded:!1,scriptsLoaded:!1,themeScriptsLoaded:!1,isFormEditor:()=>\"function\"==typeof InitializeEditor,callIfLoaded:function(o){return!(!gform.domLoaded||!gform.scriptsLoaded||!gform.themeScriptsLoaded&&!gform.isFormEditor()||(gform.isFormEditor()&&console.warn(\"The use of gform.initializeOnLoaded() is deprecated in the form editor context and will be removed in Gravity Forms 3.1.\"),o(),0))},initializeOnLoaded:function(o){gform.callIfLoaded(o)||(document.addEventListener(\"gform_main_scripts_loaded\",()=>{gform.scriptsLoaded=!0,gform.callIfLoaded(o)}),document.addEventListener(\"gform\/theme\/scripts_loaded\",()=>{gform.themeScriptsLoaded=!0,gform.callIfLoaded(o)}),window.addEventListener(\"DOMContentLoaded\",()=>{gform.domLoaded=!0,gform.callIfLoaded(o)}))},hooks:{action:{},filter:{}},addAction:function(o,r,e,t){gform.addHook(\"action\",o,r,e,t)},addFilter:function(o,r,e,t){gform.addHook(\"filter\",o,r,e,t)},doAction:function(o){gform.doHook(\"action\",o,arguments)},applyFilters:function(o){return gform.doHook(\"filter\",o,arguments)},removeAction:function(o,r){gform.removeHook(\"action\",o,r)},removeFilter:function(o,r,e){gform.removeHook(\"filter\",o,r,e)},addHook:function(o,r,e,t,n){null==gform.hooks[o][r]&&(gform.hooks[o][r]=[]);var d=gform.hooks[o][r];null==n&&(n=r+\"_\"+d.length),gform.hooks[o][r].push({tag:n,callable:e,priority:t=null==t?10:t})},doHook:function(r,o,e){var t;if(e=Array.prototype.slice.call(e,1),null!=gform.hooks[r][o]&&((o=gform.hooks[r][o]).sort(function(o,r){return o.priority-r.priority}),o.forEach(function(o){\"function\"!=typeof(t=o.callable)&&(t=window[t]),\"action\"==r?t.apply(null,e):e[0]=t.apply(null,e)})),\"filter\"==r)return e[0]},removeHook:function(o,r,t,n){var e;null!=gform.hooks[o][r]&&(e=(e=gform.hooks[o][r]).filter(function(o,r,e){return!!(null!=n&&n!=o.tag||null!=t&&t!=o.priority)}),gform.hooks[o][r]=e)}});\n<\/script>\n\n                <div class='gf_browser_gecko gform_wrapper gform-theme gform-theme--foundation gform-theme--framework gform-theme--orbital' data-form-theme='orbital' data-form-index='0' id='gform_wrapper_22' ><style>#gform_wrapper_22[data-form-index=\"0\"].gform-theme,[data-parent-form=\"22_0\"]{--gf-color-primary: #204ce5;--gf-color-primary-rgb: 32, 76, 229;--gf-color-primary-contrast: #fff;--gf-color-primary-contrast-rgb: 255, 255, 255;--gf-color-primary-darker: #001AB3;--gf-color-primary-lighter: #527EFF;--gf-color-secondary: #fff;--gf-color-secondary-rgb: 255, 255, 255;--gf-color-secondary-contrast: #112337;--gf-color-secondary-contrast-rgb: 17, 35, 55;--gf-color-secondary-darker: #F5F5F5;--gf-color-secondary-lighter: #FFFFFF;--gf-color-out-ctrl-light: rgba(17, 35, 55, 0.1);--gf-color-out-ctrl-light-rgb: 17, 35, 55;--gf-color-out-ctrl-light-darker: rgba(104, 110, 119, 0.35);--gf-color-out-ctrl-light-lighter: #F5F5F5;--gf-color-out-ctrl-dark: #585e6a;--gf-color-out-ctrl-dark-rgb: 88, 94, 106;--gf-color-out-ctrl-dark-darker: #112337;--gf-color-out-ctrl-dark-lighter: rgba(17, 35, 55, 0.65);--gf-color-in-ctrl: #fff;--gf-color-in-ctrl-rgb: 255, 255, 255;--gf-color-in-ctrl-contrast: #112337;--gf-color-in-ctrl-contrast-rgb: 17, 35, 55;--gf-color-in-ctrl-darker: #F5F5F5;--gf-color-in-ctrl-lighter: #FFFFFF;--gf-color-in-ctrl-primary: #204ce5;--gf-color-in-ctrl-primary-rgb: 32, 76, 229;--gf-color-in-ctrl-primary-contrast: #fff;--gf-color-in-ctrl-primary-contrast-rgb: 255, 255, 255;--gf-color-in-ctrl-primary-darker: #001AB3;--gf-color-in-ctrl-primary-lighter: #527EFF;--gf-color-in-ctrl-light: rgba(17, 35, 55, 0.1);--gf-color-in-ctrl-light-rgb: 17, 35, 55;--gf-color-in-ctrl-light-darker: rgba(104, 110, 119, 0.35);--gf-color-in-ctrl-light-lighter: #F5F5F5;--gf-color-in-ctrl-dark: #585e6a;--gf-color-in-ctrl-dark-rgb: 88, 94, 106;--gf-color-in-ctrl-dark-darker: #112337;--gf-color-in-ctrl-dark-lighter: rgba(17, 35, 55, 0.65);--gf-radius: 3px;--gf-font-size-secondary: 14px;--gf-font-size-tertiary: 13px;--gf-icon-ctrl-number: url(\"data:image\/svg+xml,%3Csvg width='8' height='14' viewBox='0 0 8 14' fill='none' xmlns='http:\/\/www.w3.org\/2000\/svg'%3E%3Cpath fill-rule='evenodd' clip-rule='evenodd' d='M4 0C4.26522 5.96046e-08 4.51957 0.105357 4.70711 0.292893L7.70711 3.29289C8.09763 3.68342 8.09763 4.31658 7.70711 4.70711C7.31658 5.09763 6.68342 5.09763 6.29289 4.70711L4 2.41421L1.70711 4.70711C1.31658 5.09763 0.683417 5.09763 0.292893 4.70711C-0.0976311 4.31658 -0.097631 3.68342 0.292893 3.29289L3.29289 0.292893C3.48043 0.105357 3.73478 0 4 0ZM0.292893 9.29289C0.683417 8.90237 1.31658 8.90237 1.70711 9.29289L4 11.5858L6.29289 9.29289C6.68342 8.90237 7.31658 8.90237 7.70711 9.29289C8.09763 9.68342 8.09763 10.3166 7.70711 10.7071L4.70711 13.7071C4.31658 14.0976 3.68342 14.0976 3.29289 13.7071L0.292893 10.7071C-0.0976311 10.3166 -0.0976311 9.68342 0.292893 9.29289Z' fill='rgba(17, 35, 55, 0.65)'\/%3E%3C\/svg%3E\");--gf-icon-ctrl-select: url(\"data:image\/svg+xml,%3Csvg width='10' height='6' viewBox='0 0 10 6' fill='none' xmlns='http:\/\/www.w3.org\/2000\/svg'%3E%3Cpath fill-rule='evenodd' clip-rule='evenodd' d='M0.292893 0.292893C0.683417 -0.097631 1.31658 -0.097631 1.70711 0.292893L5 3.58579L8.29289 0.292893C8.68342 -0.0976311 9.31658 -0.0976311 9.70711 0.292893C10.0976 0.683417 10.0976 1.31658 9.70711 1.70711L5.70711 5.70711C5.31658 6.09763 4.68342 6.09763 4.29289 5.70711L0.292893 1.70711C-0.0976311 1.31658 -0.0976311 0.683418 0.292893 0.292893Z' fill='rgba(17, 35, 55, 0.65)'\/%3E%3C\/svg%3E\");--gf-icon-ctrl-search: url(\"data:image\/svg+xml,%3Csvg width='640' height='640' xmlns='http:\/\/www.w3.org\/2000\/svg'%3E%3Cpath d='M256 128c-70.692 0-128 57.308-128 128 0 70.691 57.308 128 128 128 70.691 0 128-57.309 128-128 0-70.692-57.309-128-128-128zM64 256c0-106.039 85.961-192 192-192s192 85.961 192 192c0 41.466-13.146 79.863-35.498 111.248l154.125 154.125c12.496 12.496 12.496 32.758 0 45.254s-32.758 12.496-45.254 0L367.248 412.502C335.862 434.854 297.467 448 256 448c-106.039 0-192-85.962-192-192z' fill='rgba(17, 35, 55, 0.65)'\/%3E%3C\/svg%3E\");--gf-label-space-y-secondary: var(--gf-label-space-y-md-secondary);--gf-ctrl-border-color: #686e77;--gf-ctrl-size: var(--gf-ctrl-size-md);--gf-ctrl-label-color-primary: #112337;--gf-ctrl-label-color-secondary: #112337;--gf-ctrl-choice-size: var(--gf-ctrl-choice-size-md);--gf-ctrl-checkbox-check-size: var(--gf-ctrl-checkbox-check-size-md);--gf-ctrl-radio-check-size: var(--gf-ctrl-radio-check-size-md);--gf-ctrl-btn-font-size: var(--gf-ctrl-btn-font-size-md);--gf-ctrl-btn-padding-x: var(--gf-ctrl-btn-padding-x-md);--gf-ctrl-btn-size: var(--gf-ctrl-btn-size-md);--gf-ctrl-btn-border-color-secondary: #686e77;--gf-ctrl-file-btn-bg-color-hover: #EBEBEB;--gf-field-img-choice-size: var(--gf-field-img-choice-size-md);--gf-field-img-choice-card-space: var(--gf-field-img-choice-card-space-md);--gf-field-img-choice-check-ind-size: var(--gf-field-img-choice-check-ind-size-md);--gf-field-img-choice-check-ind-icon-size: var(--gf-field-img-choice-check-ind-icon-size-md);--gf-field-pg-steps-number-color: rgba(17, 35, 55, 0.8);}<\/style>\n                        <div class='gform_heading'>\n\t\t\t\t\t\t\t<p class='gform_required_legend'>\u00ab\u00a0<span class=\"gfield_required gfield_required_asterisk\">*<\/span>\u00a0\u00bb indique les champs n\u00e9cessaires<\/p>\n                        <\/div><form method='post' enctype='multipart\/form-data' target='gform_ajax_frame_22' id='gform_22'  action='\/fr\/wp-json\/wp\/v2\/posts\/7105' data-formid='22' novalidate>\t\t\t\t\t<div style=\"display: none !important;\" class=\"akismet-fields-container gf_invisible\" data-prefix=\"ak_\">\n\t\t\t\t\t\t<label>&#916;<textarea name=\"ak_hp_textarea\" cols=\"45\" rows=\"8\" maxlength=\"100\"><\/textarea><\/label>\n\t\t\t\t\t\t<input type=\"hidden\" id=\"ak_js_1\" name=\"ak_js\" value=\"0\" \/>\n\t\t\t\t\t\t<script>\ndocument.getElementById( \"ak_js_1\" ).setAttribute( \"value\", ( new Date() ).getTime() );\n<\/script>\n\n\t\t\t\t\t<\/div><div class='gf_invisible ginput_recaptchav3' data-sitekey='6LcpvCIqAAAAALlRdwZbnW6ymJFNZik_8c7GaOvq' data-tabindex='10'><input id=\"input_0af7f042f4243bfc2e7ef30fabc4a9d3\" class=\"gfield_recaptcha_response\" type=\"hidden\" name=\"input_0af7f042f4243bfc2e7ef30fabc4a9d3\" value=\"\"\/><\/div>\n                        <div class='gform-body gform_body'><div id='gform_fields_22' class='gform_fields top_label form_sublabel_below description_below validation_below'><div id=\"field_22_1\" class=\"gfield gfield--type-email gfield--input-type-email gfield_contains_required field_sublabel_below gfield--no-description field_description_below field_validation_below gfield_visibility_visible\"  ><label class='gfield_label gform-field-label' for='input_22_1'>Courriel<span class=\"gfield_required\"><span class=\"gfield_required gfield_required_asterisk\">*<\/span><\/span><\/label><div class='ginput_container ginput_container_email'>\n                            <input name='input_1' id='input_22_1' type='email' value='' class='large' tabindex='11'  placeholder='Courriel' aria-required=\"true\" aria-invalid=\"false\"  \/>\n                        <\/div><\/div><\/div><\/div>\n        <div class='gform-footer gform_footer top_label'> <input type='submit' id='gform_submit_button_22' class='gform_button button' onclick='gform.submission.handleButtonClick(this);' data-submission-type='submit' value='Abonnez-vous' tabindex='12' \/> <input type='hidden' name='gform_ajax' value='form_id=22&amp;title=&amp;description=&amp;tabindex=0&amp;theme=orbital&amp;styles=[]&amp;hash=c0cdf8ac12831acb71d80dd66f2b6c21' \/>\n            <input type='hidden' class='gform_hidden' name='gform_submission_method' data-js='gform_submission_method_22' value='iframe' \/>\n            <input type='hidden' class='gform_hidden' name='gform_theme' data-js='gform_theme_22' id='gform_theme_22' value='orbital' \/>\n            <input type='hidden' class='gform_hidden' name='gform_style_settings' data-js='gform_style_settings_22' id='gform_style_settings_22' value='[]' \/>\n            <input type='hidden' class='gform_hidden' name='is_submit_22' value='1' \/>\n            <input type='hidden' class='gform_hidden' name='gform_submit' value='22' \/>\n            \n            <input type='hidden' class='gform_hidden' name='gform_currency' data-currency='USD' value='N+UCb6DRBWDHx9IftHmfgo3YdbsOBc4OmJ1ti8r+BrdpPmgjeHF33wJO2PhBJuY7odgBPvU6bp0xUDaLzD5q8Odk+woJ6clV2SIJH9tEUvkb9AM=' \/>\n            <input type='hidden' class='gform_hidden' name='gform_unique_id' value='' \/>\n            <input type='hidden' class='gform_hidden' name='state_22' value='WyJbXSIsIjM0NWYzYjg4NzFhZjViYzk4NTBiNjc4ZmYyY2ZlNWQ3Il0=' \/>\n            <input type='hidden' autocomplete='off' class='gform_hidden' name='gform_target_page_number_22' id='gform_target_page_number_22' value='0' \/>\n            <input type='hidden' autocomplete='off' class='gform_hidden' name='gform_source_page_number_22' id='gform_source_page_number_22' value='1' \/>\n            <input type='hidden' name='gform_field_values' value='' \/>\n            \n        <\/div>\n                        <\/form>\n                        <\/div>\n\t\t                <iframe style='display:none;width:0px;height:0px;' src='about:blank' name='gform_ajax_frame_22' id='gform_ajax_frame_22' title='Cette iframe contient la logique n\u00e9cessaire pour manipuler Gravity Forms avec Ajax.'><\/iframe>\n\t\t                <script>\ngform.initializeOnLoaded( function() {gformInitSpinner( 22, 'https:\/\/www.traffix.com\/wp-content\/plugins\/gravityforms\/images\/spinner.svg', false );jQuery('#gform_ajax_frame_22').on('load',function(){var contents = jQuery(this).contents().find('*').html();var is_postback = contents.indexOf('GF_AJAX_POSTBACK') >= 0;if(!is_postback){return;}var form_content = jQuery(this).contents().find('#gform_wrapper_22');var is_confirmation = jQuery(this).contents().find('#gform_confirmation_wrapper_22').length > 0;var is_redirect = contents.indexOf('gformRedirect(){') >= 0;var is_form = form_content.length > 0 && ! is_redirect && ! is_confirmation;var mt = parseInt(jQuery('html').css('margin-top'), 10) + parseInt(jQuery('body').css('margin-top'), 10) + 100;if(is_form){jQuery('#gform_wrapper_22').html(form_content.html());if(form_content.hasClass('gform_validation_error')){jQuery('#gform_wrapper_22').addClass('gform_validation_error');} else {jQuery('#gform_wrapper_22').removeClass('gform_validation_error');}setTimeout( function() { \/* delay the scroll by 50 milliseconds to fix a bug in chrome *\/  }, 50 );if(window['gformInitDatepicker']) {gformInitDatepicker();}if(window['gformInitPriceFields']) {gformInitPriceFields();}var current_page = jQuery('#gform_source_page_number_22').val();gformInitSpinner( 22, 'https:\/\/www.traffix.com\/wp-content\/plugins\/gravityforms\/images\/spinner.svg', false );jQuery(document).trigger('gform_page_loaded', [22, current_page]);window['gf_submitting_22'] = false;}else if(!is_redirect){var confirmation_content = jQuery(this).contents().find('.GF_AJAX_POSTBACK').html();if(!confirmation_content){confirmation_content = contents;}jQuery('#gform_wrapper_22').replaceWith(confirmation_content);jQuery(document).trigger('gform_confirmation_loaded', [22]);window['gf_submitting_22'] = false;wp.a11y.speak(jQuery('#gform_confirmation_message_22').text());}else{jQuery('#gform_22').append(contents);if(window['gformRedirect']) {gformRedirect();}}jQuery(document).trigger(\"gform_pre_post_render\", [{ formId: \"22\", currentPage: \"current_page\", abort: function() { this.preventDefault(); } }]);        if (event && event.defaultPrevented) {                return;        }        const gformWrapperDiv = document.getElementById( \"gform_wrapper_22\" );        if ( gformWrapperDiv ) {            const visibilitySpan = document.createElement( \"span\" );            visibilitySpan.id = \"gform_visibility_test_22\";            gformWrapperDiv.insertAdjacentElement( \"afterend\", visibilitySpan );        }        const visibilityTestDiv = document.getElementById( \"gform_visibility_test_22\" );        let postRenderFired = false;        function triggerPostRender() {            if ( postRenderFired ) {                return;            }            postRenderFired = true;            gform.core.triggerPostRenderEvents( 22, current_page );            if ( visibilityTestDiv ) {                visibilityTestDiv.parentNode.removeChild( visibilityTestDiv );            }        }        function debounce( func, wait, immediate ) {            var timeout;            return function() {                var context = this, args = arguments;                var later = function() {                    timeout = null;                    if ( !immediate ) func.apply( context, args );                };                var callNow = immediate && !timeout;                clearTimeout( timeout );                timeout = setTimeout( later, wait );                if ( callNow ) func.apply( context, args );            };        }        const debouncedTriggerPostRender = debounce( function() {            triggerPostRender();        }, 200 );        if ( visibilityTestDiv && visibilityTestDiv.offsetParent === null ) {            const observer = new MutationObserver( ( mutations ) => {                mutations.forEach( ( mutation ) => {                    if ( mutation.type === 'attributes' && visibilityTestDiv.offsetParent !== null ) {                        debouncedTriggerPostRender();                        observer.disconnect();                    }                });            });            observer.observe( document.body, {                attributes: true,                childList: false,                subtree: true,                attributeFilter: [ 'style', 'class' ],            });        } else {            triggerPostRender();        }    } );} );\n<\/script>\n\t\t\t\t\t<\/div>\n\t\t\t\t\t\t\t<\/div>\n\t\t\n\n\t\t<div class='gl-s120'><\/div><\/div><\/div><\/section>\n\n\n\n<section class=\" ctn   \"><div class=\"wrapper\">\n<div style=\"height:var(--wp--preset--spacing--30-pixels)\" aria-hidden=\"true\" class=\"wp-block-spacer\"><\/div>\n\n\n<div id=\"block-authors-block_af236bef84c8f3214005cf33e841f2d5\" class=\"  block-acf-authors block-acf-authors\" style=\"\"> <div class='s-0'><\/div><div class=\"team-block author-block variation-three d-flex flex-wrap\">\n    <div class=\"author-content\">\n        <h2 class=\"heading-2\">Auteur<\/h2>            <\/div>\n    <div class=\"author-slider-box\">\n        <div class=\"author-slider\">\n                        <div class=\"author-carousel-item\">\n                <div class=\"single-author-member\">\n                    <div class=\"author-profile\">\n                                                <div class=\"author-member-image\">\n                            <img loading=\"lazy\" decoding=\"async\" width=\"1000\" height=\"1250\" src=\"https:\/\/www.traffix.com\/wp-content\/uploads\/ALEX-FULLER_HEADSHOT-1000x1250.jpg\" class=\"attachment-thumb_1000 size-thumb_1000\" alt=\"\" title=\"ALEX-FULLER_HEADSHOT\" srcset=\"https:\/\/www.traffix.com\/wp-content\/uploads\/ALEX-FULLER_HEADSHOT-1000x1250.jpg 1000w, https:\/\/www.traffix.com\/wp-content\/uploads\/ALEX-FULLER_HEADSHOT-240x300.jpg 240w, https:\/\/www.traffix.com\/wp-content\/uploads\/ALEX-FULLER_HEADSHOT-819x1024.jpg 819w, https:\/\/www.traffix.com\/wp-content\/uploads\/ALEX-FULLER_HEADSHOT-768x960.jpg 768w, https:\/\/www.traffix.com\/wp-content\/uploads\/ALEX-FULLER_HEADSHOT-72x90.jpg 72w, https:\/\/www.traffix.com\/wp-content\/uploads\/ALEX-FULLER_HEADSHOT-90x113.jpg 90w, https:\/\/www.traffix.com\/wp-content\/uploads\/ALEX-FULLER_HEADSHOT-900x1125.jpg 900w, https:\/\/www.traffix.com\/wp-content\/uploads\/ALEX-FULLER_HEADSHOT-800x1000.jpg 800w, https:\/\/www.traffix.com\/wp-content\/uploads\/ALEX-FULLER_HEADSHOT-700x875.jpg 700w, https:\/\/www.traffix.com\/wp-content\/uploads\/ALEX-FULLER_HEADSHOT-600x750.jpg 600w, https:\/\/www.traffix.com\/wp-content\/uploads\/ALEX-FULLER_HEADSHOT-500x625.jpg 500w, https:\/\/www.traffix.com\/wp-content\/uploads\/ALEX-FULLER_HEADSHOT-400x500.jpg 400w, https:\/\/www.traffix.com\/wp-content\/uploads\/ALEX-FULLER_HEADSHOT-300x375.jpg 300w, https:\/\/www.traffix.com\/wp-content\/uploads\/ALEX-FULLER_HEADSHOT-200x250.jpg 200w, https:\/\/www.traffix.com\/wp-content\/uploads\/ALEX-FULLER_HEADSHOT-100x125.jpg 100w, https:\/\/www.traffix.com\/wp-content\/uploads\/ALEX-FULLER_HEADSHOT.jpg 1200w\" sizes=\"auto, (max-width: 1000px) 100vw, 1000px\" \/>                        <\/div>\n                                                <div class=\"author-member-content\">\n                                                        <div class=\"member-name text-22\">\n                                Alex Fuller                            <\/div>\n                                                        <div class=\"member-designation\">\n                                Directeur principal de la gestion des revenus                            <\/div>\n                                                    <\/div>\n                    <\/div>\n                                        <div class=\"member-detail\">\n                        <div class=\"member-detail-inner\">\n                            <div class=\"author-member-content\">\n                                <div class=\"author-member-text\">\n                                    <p>Alex Fuller est directeur principal de la gestion des revenus et des solutions clients chez TRAFFIX. Il dirige la strat\u00e9gie de tarification et l\u2019analyse du march\u00e9 en mettant l\u2019accent sur la compr\u00e9hension et l\u2019anticipation des fluctuations des taux de fret. Alex collabore \u00e9troitement avec les clients et les \u00e9quipes internes pour traduire les signaux du march\u00e9 en solutions de transport exploitables et g\u00e9n\u00e9ratrices de valeur.<\/p>\n                                <\/div>\n                            <\/div>\n                        <\/div>\n                    <\/div>\n                                    <\/div>\n            <\/div>\n                                            <\/div>\n    <\/div>\n\n    <\/div>\n<div class='s-0'><\/div><\/div><\/div><\/section>\n","protected":false},"excerpt":{"rendered":"","protected":false},"author":4,"featured_media":7046,"comment_status":"closed","ping_status":"closed","sticky":false,"template":"","format":"standard","meta":{"_acf_changed":true,"_uag_custom_page_level_css":"","footnotes":""},"categories":[268,290],"tags":[],"services":[],"class_list":["post-7105","post","type-post","status-publish","format-standard","has-post-thumbnail","hentry","category-industry-news-fr","category-insights-fr"],"acf":[],"yoast_head":"<!-- This site is optimized with the Yoast SEO plugin v27.4 - https:\/\/yoast.com\/product\/yoast-seo-wordpress\/ -->\n<title>Tendances TRAFFIX T1 2025<\/title>\n<meta name=\"description\" content=\"Donn\u00e9es et analyses du march\u00e9 du transport pour le premier trimestre de 2025. T\u00e9l\u00e9chargez le rapport d\u00e8s aujourd&#039;hui\u202f!\" \/>\n<meta name=\"robots\" content=\"index, follow, max-snippet:-1, max-image-preview:large, max-video-preview:-1\" \/>\n<link rel=\"canonical\" href=\"https:\/\/www.traffix.com\/fr\/resources\/traffix-trends-q1-2025\" \/>\n<meta property=\"og:locale\" content=\"fr_FR\" \/>\n<meta property=\"og:type\" content=\"article\" \/>\n<meta property=\"og:title\" content=\"Tendances TRAFFIX T1 2025\" \/>\n<meta property=\"og:description\" content=\"Donn\u00e9es et analyses du march\u00e9 du transport pour le premier trimestre de 2025. T\u00e9l\u00e9chargez le rapport d\u00e8s aujourd&#039;hui\u202f!\" \/>\n<meta property=\"og:url\" content=\"https:\/\/www.traffix.com\/fr\/resources\/traffix-trends-q1-2025\" \/>\n<meta property=\"og:site_name\" content=\"TRAFFIX\" \/>\n<meta property=\"article:publisher\" content=\"https:\/\/www.facebook.com\/pages\/Traffix\/346990412090577\" \/>\n<meta property=\"article:published_time\" content=\"2025-01-16T05:20:15+00:00\" \/>\n<meta property=\"article:modified_time\" content=\"2026-02-13T20:14:52+00:00\" \/>\n<meta property=\"og:image\" content=\"https:\/\/www.traffix.com\/wp-content\/uploads\/image-1.png\" \/>\n\t<meta property=\"og:image:width\" content=\"931\" \/>\n\t<meta property=\"og:image:height\" content=\"621\" \/>\n\t<meta property=\"og:image:type\" content=\"image\/png\" \/>\n<meta name=\"author\" content=\"Courtney Young\" \/>\n<meta name=\"twitter:card\" content=\"summary_large_image\" \/>\n<meta name=\"twitter:creator\" content=\"@traffix1979\" \/>\n<meta name=\"twitter:site\" content=\"@traffix1979\" \/>\n<meta name=\"twitter:label1\" content=\"\u00c9crit par\" \/>\n\t<meta name=\"twitter:data1\" content=\"Courtney Young\" \/>\n\t<meta name=\"twitter:label2\" content=\"Dur\u00e9e de lecture estim\u00e9e\" \/>\n\t<meta name=\"twitter:data2\" content=\"4 minutes\" \/>\n<!-- \/ Yoast SEO plugin. -->","yoast_head_json":{"title":"Tendances TRAFFIX T1 2025","description":"Donn\u00e9es et analyses du march\u00e9 du transport pour le premier trimestre de 2025. T\u00e9l\u00e9chargez le rapport d\u00e8s aujourd'hui\u202f!","robots":{"index":"index","follow":"follow","max-snippet":"max-snippet:-1","max-image-preview":"max-image-preview:large","max-video-preview":"max-video-preview:-1"},"canonical":"https:\/\/www.traffix.com\/fr\/resources\/traffix-trends-q1-2025","og_locale":"fr_FR","og_type":"article","og_title":"Tendances TRAFFIX T1 2025","og_description":"Donn\u00e9es et analyses du march\u00e9 du transport pour le premier trimestre de 2025. T\u00e9l\u00e9chargez le rapport d\u00e8s aujourd'hui\u202f!","og_url":"https:\/\/www.traffix.com\/fr\/resources\/traffix-trends-q1-2025","og_site_name":"TRAFFIX","article_publisher":"https:\/\/www.facebook.com\/pages\/Traffix\/346990412090577","article_published_time":"2025-01-16T05:20:15+00:00","article_modified_time":"2026-02-13T20:14:52+00:00","og_image":[{"width":931,"height":621,"url":"https:\/\/www.traffix.com\/wp-content\/uploads\/image-1.png","type":"image\/png"}],"author":"Courtney Young","twitter_card":"summary_large_image","twitter_creator":"@traffix1979","twitter_site":"@traffix1979","twitter_misc":{"\u00c9crit par":"Courtney Young","Dur\u00e9e de lecture estim\u00e9e":"4 minutes"},"schema":{"@context":"https:\/\/schema.org","@graph":[{"@type":"Article","@id":"https:\/\/www.traffix.com\/fr\/resources\/traffix-trends-q1-2025#article","isPartOf":{"@id":"https:\/\/www.traffix.com\/fr\/resources\/traffix-trends-q1-2025"},"author":{"name":"Courtney Young","@id":"https:\/\/www.traffix.com\/fr#\/schema\/person\/34bf1089ddbdc9c78efd9d2fe5896df4"},"headline":"TENDANCES DU TRAFIC T1 2025","datePublished":"2025-01-16T05:20:15+00:00","dateModified":"2026-02-13T20:14:52+00:00","mainEntityOfPage":{"@id":"https:\/\/www.traffix.com\/fr\/resources\/traffix-trends-q1-2025"},"wordCount":856,"image":{"@id":"https:\/\/www.traffix.com\/fr\/resources\/traffix-trends-q1-2025#primaryimage"},"thumbnailUrl":"https:\/\/www.traffix.com\/wp-content\/uploads\/image-1.png","articleSection":["Actualit\u00e9s de l'industrie","Insights"],"inLanguage":"fr-FR"},{"@type":"WebPage","@id":"https:\/\/www.traffix.com\/fr\/resources\/traffix-trends-q1-2025","url":"https:\/\/www.traffix.com\/fr\/resources\/traffix-trends-q1-2025","name":"Tendances TRAFFIX T1 2025","isPartOf":{"@id":"https:\/\/www.traffix.com\/fr#website"},"primaryImageOfPage":{"@id":"https:\/\/www.traffix.com\/fr\/resources\/traffix-trends-q1-2025#primaryimage"},"image":{"@id":"https:\/\/www.traffix.com\/fr\/resources\/traffix-trends-q1-2025#primaryimage"},"thumbnailUrl":"https:\/\/www.traffix.com\/wp-content\/uploads\/image-1.png","datePublished":"2025-01-16T05:20:15+00:00","dateModified":"2026-02-13T20:14:52+00:00","author":{"@id":"https:\/\/www.traffix.com\/fr#\/schema\/person\/34bf1089ddbdc9c78efd9d2fe5896df4"},"description":"Donn\u00e9es et analyses du march\u00e9 du transport pour le premier trimestre de 2025. T\u00e9l\u00e9chargez le rapport d\u00e8s aujourd'hui\u202f!","breadcrumb":{"@id":"https:\/\/www.traffix.com\/fr\/resources\/traffix-trends-q1-2025#breadcrumb"},"inLanguage":"fr-FR","potentialAction":[{"@type":"ReadAction","target":["https:\/\/www.traffix.com\/fr\/resources\/traffix-trends-q1-2025"]}]},{"@type":"ImageObject","inLanguage":"fr-FR","@id":"https:\/\/www.traffix.com\/fr\/resources\/traffix-trends-q1-2025#primaryimage","url":"https:\/\/www.traffix.com\/wp-content\/uploads\/image-1.png","contentUrl":"https:\/\/www.traffix.com\/wp-content\/uploads\/image-1.png","width":931,"height":621},{"@type":"BreadcrumbList","@id":"https:\/\/www.traffix.com\/fr\/resources\/traffix-trends-q1-2025#breadcrumb","itemListElement":[{"@type":"ListItem","position":1,"name":"Home","item":"https:\/\/www.traffix.com\/fr"},{"@type":"ListItem","position":2,"name":"TENDANCES DU TRAFIC T1 2025"}]},{"@type":"WebSite","@id":"https:\/\/www.traffix.com\/fr#website","url":"https:\/\/www.traffix.com\/fr","name":"TRAFFIX","description":"North America&#039;s Leading Third-Party Logistics Specialist","potentialAction":[{"@type":"SearchAction","target":{"@type":"EntryPoint","urlTemplate":"https:\/\/www.traffix.com\/fr?s={search_term_string}"},"query-input":{"@type":"PropertyValueSpecification","valueRequired":true,"valueName":"search_term_string"}}],"inLanguage":"fr-FR"},{"@type":"Person","@id":"https:\/\/www.traffix.com\/fr#\/schema\/person\/34bf1089ddbdc9c78efd9d2fe5896df4","name":"Courtney Young","image":{"@type":"ImageObject","inLanguage":"fr-FR","@id":"https:\/\/secure.gravatar.com\/avatar\/c4fc8c212aab2bfaf3322274bd9903f896993eec47bfefd7cbbe531dfd92c7c3?s=96&d=mm&r=g","url":"https:\/\/secure.gravatar.com\/avatar\/c4fc8c212aab2bfaf3322274bd9903f896993eec47bfefd7cbbe531dfd92c7c3?s=96&d=mm&r=g","contentUrl":"https:\/\/secure.gravatar.com\/avatar\/c4fc8c212aab2bfaf3322274bd9903f896993eec47bfefd7cbbe531dfd92c7c3?s=96&d=mm&r=g","caption":"Courtney Young"},"url":"https:\/\/www.traffix.com\/fr\/author\/cyoung"}]}},"uagb_featured_image_src":{"full":["https:\/\/www.traffix.com\/wp-content\/uploads\/image-1.png",931,621,false],"thumbnail":["https:\/\/www.traffix.com\/wp-content\/uploads\/image-1-150x150.png",150,150,true],"medium":["https:\/\/www.traffix.com\/wp-content\/uploads\/image-1-300x200.png",300,200,true],"medium_large":["https:\/\/www.traffix.com\/wp-content\/uploads\/image-1-768x512.png",768,512,true],"large":["https:\/\/www.traffix.com\/wp-content\/uploads\/image-1.png",931,621,false],"1536x1536":["https:\/\/www.traffix.com\/wp-content\/uploads\/image-1.png",931,621,false],"2048x2048":["https:\/\/www.traffix.com\/wp-content\/uploads\/image-1.png",931,621,false],"post-thumbnail":["https:\/\/www.traffix.com\/wp-content\/uploads\/image-1-150x150.png",150,150,true],"admin-square":["https:\/\/www.traffix.com\/wp-content\/uploads\/image-1-90x60.png",90,60,true],"admin-landscape":["https:\/\/www.traffix.com\/wp-content\/uploads\/image-1-135x90.png",135,90,true],"admin-portrait":["https:\/\/www.traffix.com\/wp-content\/uploads\/image-1-90x60.png",90,60,true],"thumb_2000":["https:\/\/www.traffix.com\/wp-content\/uploads\/image-1.png",931,621,false],"thumb_1600":["https:\/\/www.traffix.com\/wp-content\/uploads\/image-1.png",931,621,false],"thumb_1400":["https:\/\/www.traffix.com\/wp-content\/uploads\/image-1.png",931,621,false],"thumb_1200":["https:\/\/www.traffix.com\/wp-content\/uploads\/image-1.png",931,621,false],"thumb_1000":["https:\/\/www.traffix.com\/wp-content\/uploads\/image-1.png",931,621,false],"thumb_900":["https:\/\/www.traffix.com\/wp-content\/uploads\/image-1-900x600.png",900,600,true],"thumb_800":["https:\/\/www.traffix.com\/wp-content\/uploads\/image-1-800x534.png",800,534,true],"thumb_700":["https:\/\/www.traffix.com\/wp-content\/uploads\/image-1-700x467.png",700,467,true],"thumb_600":["https:\/\/www.traffix.com\/wp-content\/uploads\/image-1-600x400.png",600,400,true],"thumb_500":["https:\/\/www.traffix.com\/wp-content\/uploads\/image-1-500x334.png",500,334,true],"thumb_400":["https:\/\/www.traffix.com\/wp-content\/uploads\/image-1-400x267.png",400,267,true],"thumb_300":["https:\/\/www.traffix.com\/wp-content\/uploads\/image-1-300x200.png",300,200,true],"thumb_200":["https:\/\/www.traffix.com\/wp-content\/uploads\/image-1-200x133.png",200,133,true],"thumb_100":["https:\/\/www.traffix.com\/wp-content\/uploads\/image-1-100x67.png",100,67,true],"gform-image-choice-sm":["https:\/\/www.traffix.com\/wp-content\/uploads\/image-1-300x300.png",300,300,true],"gform-image-choice-md":["https:\/\/www.traffix.com\/wp-content\/uploads\/image-1-400x400.png",400,400,true],"gform-image-choice-lg":["https:\/\/www.traffix.com\/wp-content\/uploads\/image-1-600x600.png",600,600,true]},"uagb_author_info":{"display_name":"Courtney Young","author_link":"https:\/\/www.traffix.com\/fr\/author\/cyoung"},"uagb_comment_info":0,"uagb_excerpt":null,"_links":{"self":[{"href":"https:\/\/www.traffix.com\/fr\/wp-json\/wp\/v2\/posts\/7105","targetHints":{"allow":["GET"]}}],"collection":[{"href":"https:\/\/www.traffix.com\/fr\/wp-json\/wp\/v2\/posts"}],"about":[{"href":"https:\/\/www.traffix.com\/fr\/wp-json\/wp\/v2\/types\/post"}],"author":[{"embeddable":true,"href":"https:\/\/www.traffix.com\/fr\/wp-json\/wp\/v2\/users\/4"}],"replies":[{"embeddable":true,"href":"https:\/\/www.traffix.com\/fr\/wp-json\/wp\/v2\/comments?post=7105"}],"version-history":[{"count":0,"href":"https:\/\/www.traffix.com\/fr\/wp-json\/wp\/v2\/posts\/7105\/revisions"}],"wp:featuredmedia":[{"embeddable":true,"href":"https:\/\/www.traffix.com\/fr\/wp-json\/wp\/v2\/media\/7046"}],"wp:attachment":[{"href":"https:\/\/www.traffix.com\/fr\/wp-json\/wp\/v2\/media?parent=7105"}],"wp:term":[{"taxonomy":"category","embeddable":true,"href":"https:\/\/www.traffix.com\/fr\/wp-json\/wp\/v2\/categories?post=7105"},{"taxonomy":"post_tag","embeddable":true,"href":"https:\/\/www.traffix.com\/fr\/wp-json\/wp\/v2\/tags?post=7105"},{"taxonomy":"services","embeddable":true,"href":"https:\/\/www.traffix.com\/fr\/wp-json\/wp\/v2\/services?post=7105"}],"curies":[{"name":"wp","href":"https:\/\/api.w.org\/{rel}","templated":true}]}}